{"id":3252,"date":"2018-02-12T21:00:08","date_gmt":"2018-02-12T21:00:08","guid":{"rendered":"https:\/\/farmaciaruizgolvano.com\/?p=3252"},"modified":"2018-01-25T19:02:59","modified_gmt":"2018-01-25T19:02:59","slug":"que-me-tomo-para-el-catarro-segunda-parte","status":"publish","type":"post","link":"https:\/\/farmaciaruizgolvano.com\/?p=3252","title":{"rendered":"\u00bfQue me tomo para el catarro? Segunda parte"},"content":{"rendered":"<p>Si en la entrada de la semana pasada os habl\u00e1bamos de la patolog\u00eda invernal y como los aceites esenciales os ayudaban a tratar los s\u00edntomas. Si os perdisteis la entrada aqu\u00ed os la dejamos:<\/p>\n<p>https:\/\/farmaciaruizgolvano.com\/me-tomo-catarro\/<\/p>\n<p>Hoy queremos hablaros un poco de las diferentes plantas que hay para tratar este tipo de patolog\u00edas que afectan a las v\u00edas respiratorias, como el catarro.<\/p>\n<h2>Plantas de elecci\u00f3n<\/h2>\n<ul>\n<li>Grindelia: esta planta tiene propiedades medicinales como expectorante, antiinflamatoria, antitusiva, bals\u00e1mica, bactericida y antibacteriana. Por lo tanto es muy \u00fatil cuando hay trastornos bronquiales, bronquitis, laringitis, faringitis y tos irritativa.<\/li>\n<li>Llant\u00e9n: esta planta tiene un gran poder antioxidante, por lo tanto permite al cuerpo hacer frente a los da\u00f1os que le causan los radicales libres. Adem\u00e1s, las hojas y las semillas tienen un gran efecto antibacteriano, astringente, antiinflamatorio, antis\u00e9ptico y expectorante. Por lo tanto en afecciones respiratorias que cursan con tos funciona muy bien.<\/li>\n<li>Helicriso: por su parte, el helicriso tambi\u00e9n va a tener propiedades expectorantes y antiinflamatorias entre otras que son las que nos ocupan en esta entrada de blog. Se suele utilizar para patolog\u00edas como bronquitis, asma y tos si hablamos del aparato respiratorio.<\/li>\n<li>Prop\u00f3leo: el prop\u00f3leo no es una planta como tal pero se trata de una sustancia muy utilizada en la fitoterapia ya que estimula el sistema inmunol\u00f3gico. De esta manera, ofrece defensas al cuerpo para que pueda superar las afecciones que puedan afectarle. Tiene propiedades antiinflamatorias y antibacterianas por lo tanto en procesos que cursan con dolor de garganta suele ser muy eficaz para combatir la infecci\u00f3n. Tambi\u00e9n tiene eficacia como analg\u00e9sico aliviando el dolor causado por la tos o catarro.<\/li>\n<li>Mirra: esta sustancia se extrae de la corteza del \u00e1rbol. Es muy \u00fatil en caso de personas con problemas respiratorios, ayudando en problemas de asma y bronquitis. Funciona muy bien en procesos que cursan con dolor de garganta y con tos.<\/li>\n<\/ul>\n<h2>Productos que llevan uno o varios compuestos<\/h2>\n<p>Con estas 5 plantas hemos cubierto un espectro muy amplio de fitoterapia orientada a las v\u00edas respiratorias. Existen medicamentos comercializados que tienen uno o varios compuestos de estos componentes y que est\u00e1 demostrado que funcionan muy bien. Si quieres saber m\u00e1s o que te orientemos hacia alguna patolog\u00eda no dudes en preguntarnos.<\/p>\n","protected":false},"excerpt":{"rendered":"<p>Si en la entrada de la semana pasada os habl\u00e1bamos de la patolog\u00eda invernal y como los aceites esenciales os ayudaban a tratar los s\u00edntomas. Si os perdisteis la entrada aqu\u00ed os la dejamos: https:\/\/farmaciaruizgolvano.com\/me-tomo-catarro\/ Hoy queremos hablaros un poco de las diferentes plantas que hay para tratar este tipo de patolog\u00edas que afectan a [&hellip;]<\/p>\n","protected":false},"author":8,"featured_media":3256,"comment_status":"open","ping_status":"closed","sticky":false,"template":"","format":"standard","meta":{"footnotes":""},"categories":[64],"tags":[],"class_list":["post-3252","post","type-post","status-publish","format-standard","has-post-thumbnail","hentry","category-salud"],"yoast_head":"<!-- This site is optimized with the Yoast SEO plugin v24.8.1 - https:\/\/yoast.com\/wordpress\/plugins\/seo\/ -->\n<title>\u00bfQue me tomo para el catarro? Tos, flemas, mocos,... Segunda parte<\/title>\n<meta name=\"description\" content=\"Hoy queremos hablaros un poco de las diferentes plantas que hay para tratar este tipo de patolog\u00edas que afectan a las v\u00edas respiratorias, como el catarro.\" \/>\n<meta name=\"robots\" content=\"index, follow, max-snippet:-1, max-image-preview:large, max-video-preview:-1\" \/>\n<link rel=\"canonical\" href=\"https:\/\/farmaciaruizgolvano.com\/?p=3252\" \/>\n<meta property=\"og:locale\" content=\"es_ES\" \/>\n<meta property=\"og:type\" content=\"article\" \/>\n<meta property=\"og:title\" content=\"\u00bfQue me tomo para el catarro? Tos, flemas, mocos,... Segunda parte\" \/>\n<meta property=\"og:description\" content=\"Hoy queremos hablaros un poco de las diferentes plantas que hay para tratar este tipo de patolog\u00edas que afectan a las v\u00edas respiratorias, como el catarro.\" \/>\n<meta property=\"og:url\" content=\"https:\/\/farmaciaruizgolvano.com\/?p=3252\" \/>\n<meta property=\"og:site_name\" content=\"Farmacia Ruiz Golvano\" \/>\n<meta property=\"article:publisher\" content=\"http:\/\/www.facebook.com\/FarmaciaRuizGolvanoPaula\" \/>\n<meta property=\"article:published_time\" content=\"2018-02-12T21:00:08+00:00\" \/>\n<meta property=\"og:image\" content=\"https:\/\/farmaciaruizgolvano.com\/wp-content\/uploads\/child-catarrh.jpg\" \/>\n\t<meta property=\"og:image:width\" content=\"1920\" \/>\n\t<meta property=\"og:image:height\" content=\"1276\" \/>\n\t<meta property=\"og:image:type\" content=\"image\/jpeg\" \/>\n<meta name=\"author\" content=\"Farmacia Ruiz Golvano\" \/>\n<meta name=\"twitter:label1\" content=\"Escrito por\" \/>\n\t<meta name=\"twitter:data1\" content=\"Farmacia Ruiz Golvano\" \/>\n\t<meta name=\"twitter:label2\" content=\"Tiempo de lectura\" \/>\n\t<meta name=\"twitter:data2\" content=\"2 minutos\" \/>\n<script type=\"application\/ld+json\" class=\"yoast-schema-graph\">{\"@context\":\"https:\/\/schema.org\",\"@graph\":[{\"@type\":\"Article\",\"@id\":\"https:\/\/farmaciaruizgolvano.com\/?p=3252#article\",\"isPartOf\":{\"@id\":\"https:\/\/farmaciaruizgolvano.com\/?p=3252\"},\"author\":{\"name\":\"Farmacia Ruiz Golvano\",\"@id\":\"https:\/\/farmaciaruizgolvano.com\/#\/schema\/person\/7850c8a45e5fd5da066533894b771fbd\"},\"headline\":\"\u00bfQue me tomo para el catarro? Segunda parte\",\"datePublished\":\"2018-02-12T21:00:08+00:00\",\"mainEntityOfPage\":{\"@id\":\"https:\/\/farmaciaruizgolvano.com\/?p=3252\"},\"wordCount\":402,\"commentCount\":0,\"publisher\":{\"@id\":\"https:\/\/farmaciaruizgolvano.com\/#organization\"},\"image\":{\"@id\":\"https:\/\/farmaciaruizgolvano.com\/?p=3252#primaryimage\"},\"thumbnailUrl\":\"https:\/\/farmaciaruizgolvano.com\/wp-content\/uploads\/child-catarrh.jpg\",\"articleSection\":[\"Salud\"],\"inLanguage\":\"es\",\"potentialAction\":[{\"@type\":\"CommentAction\",\"name\":\"Comment\",\"target\":[\"https:\/\/farmaciaruizgolvano.com\/?p=3252#respond\"]}]},{\"@type\":\"WebPage\",\"@id\":\"https:\/\/farmaciaruizgolvano.com\/?p=3252\",\"url\":\"https:\/\/farmaciaruizgolvano.com\/?p=3252\",\"name\":\"\u00bfQue me tomo para el catarro? Tos, flemas, mocos,... Segunda parte\",\"isPartOf\":{\"@id\":\"https:\/\/farmaciaruizgolvano.com\/#website\"},\"primaryImageOfPage\":{\"@id\":\"https:\/\/farmaciaruizgolvano.com\/?p=3252#primaryimage\"},\"image\":{\"@id\":\"https:\/\/farmaciaruizgolvano.com\/?p=3252#primaryimage\"},\"thumbnailUrl\":\"https:\/\/farmaciaruizgolvano.com\/wp-content\/uploads\/child-catarrh.jpg\",\"datePublished\":\"2018-02-12T21:00:08+00:00\",\"description\":\"Hoy queremos hablaros un poco de las diferentes plantas que hay para tratar este tipo de patolog\u00edas que afectan a las v\u00edas respiratorias, como el catarro.\",\"breadcrumb\":{\"@id\":\"https:\/\/farmaciaruizgolvano.com\/?p=3252#breadcrumb\"},\"inLanguage\":\"es\",\"potentialAction\":[{\"@type\":\"ReadAction\",\"target\":[\"https:\/\/farmaciaruizgolvano.com\/?p=3252\"]}]},{\"@type\":\"ImageObject\",\"inLanguage\":\"es\",\"@id\":\"https:\/\/farmaciaruizgolvano.com\/?p=3252#primaryimage\",\"url\":\"https:\/\/farmaciaruizgolvano.com\/wp-content\/uploads\/child-catarrh.jpg\",\"contentUrl\":\"https:\/\/farmaciaruizgolvano.com\/wp-content\/uploads\/child-catarrh.jpg\",\"width\":1920,\"height\":1276},{\"@type\":\"BreadcrumbList\",\"@id\":\"https:\/\/farmaciaruizgolvano.com\/?p=3252#breadcrumb\",\"itemListElement\":[{\"@type\":\"ListItem\",\"position\":1,\"name\":\"Portada\",\"item\":\"https:\/\/farmaciaruizgolvano.com\/\"},{\"@type\":\"ListItem\",\"position\":2,\"name\":\"\u00bfQue me tomo para el catarro? Segunda parte\"}]},{\"@type\":\"WebSite\",\"@id\":\"https:\/\/farmaciaruizgolvano.com\/#website\",\"url\":\"https:\/\/farmaciaruizgolvano.com\/\",\"name\":\"Farmacia Ruiz Golvano\",\"description\":\"\",\"publisher\":{\"@id\":\"https:\/\/farmaciaruizgolvano.com\/#organization\"},\"potentialAction\":[{\"@type\":\"SearchAction\",\"target\":{\"@type\":\"EntryPoint\",\"urlTemplate\":\"https:\/\/farmaciaruizgolvano.com\/?s={search_term_string}\"},\"query-input\":{\"@type\":\"PropertyValueSpecification\",\"valueRequired\":true,\"valueName\":\"search_term_string\"}}],\"inLanguage\":\"es\"},{\"@type\":\"Organization\",\"@id\":\"https:\/\/farmaciaruizgolvano.com\/#organization\",\"name\":\"Farmacia Ruiz Golvano\",\"url\":\"https:\/\/farmaciaruizgolvano.com\/\",\"logo\":{\"@type\":\"ImageObject\",\"inLanguage\":\"es\",\"@id\":\"https:\/\/farmaciaruizgolvano.com\/#\/schema\/logo\/image\/\",\"url\":\"https:\/\/farmaciaruizgolvano.com\/wp-content\/uploads\/logo1-e14108719298411.png\",\"contentUrl\":\"https:\/\/farmaciaruizgolvano.com\/wp-content\/uploads\/logo1-e14108719298411.png\",\"width\":200,\"height\":63,\"caption\":\"Farmacia Ruiz Golvano\"},\"image\":{\"@id\":\"https:\/\/farmaciaruizgolvano.com\/#\/schema\/logo\/image\/\"},\"sameAs\":[\"http:\/\/www.facebook.com\/FarmaciaRuizGolvanoPaula\",\"https:\/\/x.com\/farmapaularuiz\",\"http:\/\/www.instagram.com\/ruizgolvanopaula\/\",\"https:\/\/es.linkedin.com\/in\/farmacia-ortopedia-paula-ruiz-golvano-b6a62599\"]},{\"@type\":\"Person\",\"@id\":\"https:\/\/farmaciaruizgolvano.com\/#\/schema\/person\/7850c8a45e5fd5da066533894b771fbd\",\"name\":\"Farmacia Ruiz Golvano\",\"image\":{\"@type\":\"ImageObject\",\"inLanguage\":\"es\",\"@id\":\"https:\/\/farmaciaruizgolvano.com\/#\/schema\/person\/image\/\",\"url\":\"https:\/\/secure.gravatar.com\/avatar\/b18d9ad67a9508446fdfd5d2772c8b21?s=96&d=mm&r=g\",\"contentUrl\":\"https:\/\/secure.gravatar.com\/avatar\/b18d9ad67a9508446fdfd5d2772c8b21?s=96&d=mm&r=g\",\"caption\":\"Farmacia Ruiz Golvano\"}}]}<\/script>\n<!-- \/ Yoast SEO plugin. -->","yoast_head_json":{"title":"\u00bfQue me tomo para el catarro? Tos, flemas, mocos,... Segunda parte","description":"Hoy queremos hablaros un poco de las diferentes plantas que hay para tratar este tipo de patolog\u00edas que afectan a las v\u00edas respiratorias, como el catarro.","robots":{"index":"index","follow":"follow","max-snippet":"max-snippet:-1","max-image-preview":"max-image-preview:large","max-video-preview":"max-video-preview:-1"},"canonical":"https:\/\/farmaciaruizgolvano.com\/?p=3252","og_locale":"es_ES","og_type":"article","og_title":"\u00bfQue me tomo para el catarro? Tos, flemas, mocos,... Segunda parte","og_description":"Hoy queremos hablaros un poco de las diferentes plantas que hay para tratar este tipo de patolog\u00edas que afectan a las v\u00edas respiratorias, como el catarro.","og_url":"https:\/\/farmaciaruizgolvano.com\/?p=3252","og_site_name":"Farmacia Ruiz Golvano","article_publisher":"http:\/\/www.facebook.com\/FarmaciaRuizGolvanoPaula","article_published_time":"2018-02-12T21:00:08+00:00","og_image":[{"width":1920,"height":1276,"url":"https:\/\/farmaciaruizgolvano.com\/wp-content\/uploads\/child-catarrh.jpg","type":"image\/jpeg"}],"author":"Farmacia Ruiz Golvano","twitter_misc":{"Escrito por":"Farmacia Ruiz Golvano","Tiempo de lectura":"2 minutos"},"schema":{"@context":"https:\/\/schema.org","@graph":[{"@type":"Article","@id":"https:\/\/farmaciaruizgolvano.com\/?p=3252#article","isPartOf":{"@id":"https:\/\/farmaciaruizgolvano.com\/?p=3252"},"author":{"name":"Farmacia Ruiz Golvano","@id":"https:\/\/farmaciaruizgolvano.com\/#\/schema\/person\/7850c8a45e5fd5da066533894b771fbd"},"headline":"\u00bfQue me tomo para el catarro? Segunda parte","datePublished":"2018-02-12T21:00:08+00:00","mainEntityOfPage":{"@id":"https:\/\/farmaciaruizgolvano.com\/?p=3252"},"wordCount":402,"commentCount":0,"publisher":{"@id":"https:\/\/farmaciaruizgolvano.com\/#organization"},"image":{"@id":"https:\/\/farmaciaruizgolvano.com\/?p=3252#primaryimage"},"thumbnailUrl":"https:\/\/farmaciaruizgolvano.com\/wp-content\/uploads\/child-catarrh.jpg","articleSection":["Salud"],"inLanguage":"es","potentialAction":[{"@type":"CommentAction","name":"Comment","target":["https:\/\/farmaciaruizgolvano.com\/?p=3252#respond"]}]},{"@type":"WebPage","@id":"https:\/\/farmaciaruizgolvano.com\/?p=3252","url":"https:\/\/farmaciaruizgolvano.com\/?p=3252","name":"\u00bfQue me tomo para el catarro? Tos, flemas, mocos,... Segunda parte","isPartOf":{"@id":"https:\/\/farmaciaruizgolvano.com\/#website"},"primaryImageOfPage":{"@id":"https:\/\/farmaciaruizgolvano.com\/?p=3252#primaryimage"},"image":{"@id":"https:\/\/farmaciaruizgolvano.com\/?p=3252#primaryimage"},"thumbnailUrl":"https:\/\/farmaciaruizgolvano.com\/wp-content\/uploads\/child-catarrh.jpg","datePublished":"2018-02-12T21:00:08+00:00","description":"Hoy queremos hablaros un poco de las diferentes plantas que hay para tratar este tipo de patolog\u00edas que afectan a las v\u00edas respiratorias, como el catarro.","breadcrumb":{"@id":"https:\/\/farmaciaruizgolvano.com\/?p=3252#breadcrumb"},"inLanguage":"es","potentialAction":[{"@type":"ReadAction","target":["https:\/\/farmaciaruizgolvano.com\/?p=3252"]}]},{"@type":"ImageObject","inLanguage":"es","@id":"https:\/\/farmaciaruizgolvano.com\/?p=3252#primaryimage","url":"https:\/\/farmaciaruizgolvano.com\/wp-content\/uploads\/child-catarrh.jpg","contentUrl":"https:\/\/farmaciaruizgolvano.com\/wp-content\/uploads\/child-catarrh.jpg","width":1920,"height":1276},{"@type":"BreadcrumbList","@id":"https:\/\/farmaciaruizgolvano.com\/?p=3252#breadcrumb","itemListElement":[{"@type":"ListItem","position":1,"name":"Portada","item":"https:\/\/farmaciaruizgolvano.com\/"},{"@type":"ListItem","position":2,"name":"\u00bfQue me tomo para el catarro? Segunda parte"}]},{"@type":"WebSite","@id":"https:\/\/farmaciaruizgolvano.com\/#website","url":"https:\/\/farmaciaruizgolvano.com\/","name":"Farmacia Ruiz Golvano","description":"","publisher":{"@id":"https:\/\/farmaciaruizgolvano.com\/#organization"},"potentialAction":[{"@type":"SearchAction","target":{"@type":"EntryPoint","urlTemplate":"https:\/\/farmaciaruizgolvano.com\/?s={search_term_string}"},"query-input":{"@type":"PropertyValueSpecification","valueRequired":true,"valueName":"search_term_string"}}],"inLanguage":"es"},{"@type":"Organization","@id":"https:\/\/farmaciaruizgolvano.com\/#organization","name":"Farmacia Ruiz Golvano","url":"https:\/\/farmaciaruizgolvano.com\/","logo":{"@type":"ImageObject","inLanguage":"es","@id":"https:\/\/farmaciaruizgolvano.com\/#\/schema\/logo\/image\/","url":"https:\/\/farmaciaruizgolvano.com\/wp-content\/uploads\/logo1-e14108719298411.png","contentUrl":"https:\/\/farmaciaruizgolvano.com\/wp-content\/uploads\/logo1-e14108719298411.png","width":200,"height":63,"caption":"Farmacia Ruiz Golvano"},"image":{"@id":"https:\/\/farmaciaruizgolvano.com\/#\/schema\/logo\/image\/"},"sameAs":["http:\/\/www.facebook.com\/FarmaciaRuizGolvanoPaula","https:\/\/x.com\/farmapaularuiz","http:\/\/www.instagram.com\/ruizgolvanopaula\/","https:\/\/es.linkedin.com\/in\/farmacia-ortopedia-paula-ruiz-golvano-b6a62599"]},{"@type":"Person","@id":"https:\/\/farmaciaruizgolvano.com\/#\/schema\/person\/7850c8a45e5fd5da066533894b771fbd","name":"Farmacia Ruiz Golvano","image":{"@type":"ImageObject","inLanguage":"es","@id":"https:\/\/farmaciaruizgolvano.com\/#\/schema\/person\/image\/","url":"https:\/\/secure.gravatar.com\/avatar\/b18d9ad67a9508446fdfd5d2772c8b21?s=96&d=mm&r=g","contentUrl":"https:\/\/secure.gravatar.com\/avatar\/b18d9ad67a9508446fdfd5d2772c8b21?s=96&d=mm&r=g","caption":"Farmacia Ruiz Golvano"}}]}},"fimg_url":"https:\/\/farmaciaruizgolvano.com\/wp-content\/uploads\/child-catarrh.jpg","_links":{"self":[{"href":"https:\/\/farmaciaruizgolvano.com\/index.php?rest_route=\/wp\/v2\/posts\/3252","targetHints":{"allow":["GET"]}}],"collection":[{"href":"https:\/\/farmaciaruizgolvano.com\/index.php?rest_route=\/wp\/v2\/posts"}],"about":[{"href":"https:\/\/farmaciaruizgolvano.com\/index.php?rest_route=\/wp\/v2\/types\/post"}],"author":[{"embeddable":true,"href":"https:\/\/farmaciaruizgolvano.com\/index.php?rest_route=\/wp\/v2\/users\/8"}],"replies":[{"embeddable":true,"href":"https:\/\/farmaciaruizgolvano.com\/index.php?rest_route=%2Fwp%2Fv2%2Fcomments&post=3252"}],"version-history":[{"count":2,"href":"https:\/\/farmaciaruizgolvano.com\/index.php?rest_route=\/wp\/v2\/posts\/3252\/revisions"}],"predecessor-version":[{"id":3255,"href":"https:\/\/farmaciaruizgolvano.com\/index.php?rest_route=\/wp\/v2\/posts\/3252\/revisions\/3255"}],"wp:featuredmedia":[{"embeddable":true,"href":"https:\/\/farmaciaruizgolvano.com\/index.php?rest_route=\/wp\/v2\/media\/3256"}],"wp:attachment":[{"href":"https:\/\/farmaciaruizgolvano.com\/index.php?rest_route=%2Fwp%2Fv2%2Fmedia&parent=3252"}],"wp:term":[{"taxonomy":"category","embeddable":true,"href":"https:\/\/farmaciaruizgolvano.com\/index.php?rest_route=%2Fwp%2Fv2%2Fcategories&post=3252"},{"taxonomy":"post_tag","embeddable":true,"href":"https:\/\/farmaciaruizgolvano.com\/index.php?rest_route=%2Fwp%2Fv2%2Ftags&post=3252"}],"curies":[{"name":"wp","href":"https:\/\/api.w.org\/{rel}","templated":true}]}}